{"id":421,"date":"2015-02-02T18:30:11","date_gmt":"2015-02-02T18:30:11","guid":{"rendered":"http:\/\/avada.theme-fusion.com_demos\/travel\/?p=421"},"modified":"2024-03-08T10:47:40","modified_gmt":"2024-03-08T09:47:40","slug":"cop22-environmental-meeting","status":"publish","type":"post","link":"https:\/\/consulat-seychelles.mc\/?p=421","title":{"rendered":"Le pr\u00e9sident des Seychelles Monsieur Faure, tient des entretiens bilat\u00e9raux en marge de la r\u00e9union avec le Maroc"},"content":{"rendered":"\n<p class=\"has-small-font-size\"><br>(<a class=\"source\" href=\"http:\/\/www.seychellesnewsagency.com\/\">Seychelles News Agency<\/a>) &#8211; Le pr\u00e9sident des Seychelles, <strong>Monsieur Danny Faure<\/strong>, a anim\u00e9 des discussions visant \u00e0 aborder des questions d&rsquo;int\u00e9r\u00eat commun, ainsi qu&rsquo;\u00e0 renforcer la coop\u00e9ration avec des responsables de Monaco, du Maroc et de Saint-Vincent-et-les Grenadines, a annonc\u00e9 vendredi la pr\u00e9sidence.<\/p>\n\n\n\n<p class=\"has-small-font-size\">Le pr\u00e9sident Faure a eu des entretiens bilat\u00e9raux avec des responsables des trois pays en marge de la r\u00e9union environnementale COP22 qui s&rsquo;est tenue cette semaine \u00e0 Marrakech.<\/p>\n\n\n\n<p class=\"has-small-font-size\">Ses entretiens avec le Prince Albert II de Monaco ont port\u00e9 sur la mani\u00e8re dont les deux pays peuvent collaborer et apporter des changements sur les questions mondiales, notamment sur le changement climatique et sur la n\u00e9cessit\u00e9 d&rsquo;inclure les oc\u00e9ans dans la mise en \u0153uvre de l&rsquo;Accord de Paris.<\/p>\n\n\n\n<p class=\"has-small-font-size\">Le pr\u00e9sident Faure a not\u00e9 que les Seychelles et Monaco entretiennent \u00ab d&rsquo;excellentes relations \u00bb. Leur r\u00e9union a port\u00e9 sur des questions d&rsquo;int\u00e9r\u00eat commun, notamment la gouvernance des oc\u00e9ans et la n\u00e9cessit\u00e9 d&rsquo;agir pour rem\u00e9dier aux vuln\u00e9rabilit\u00e9s des petites nations. La protection de l\u2019environnement et la recherche ont \u00e9t\u00e9 mises en avant comme domaines de coop\u00e9ration.<\/p>\n\n\n\n<p class=\"has-small-font-size\">\u00ab\u00a0La conservation du coco-de-mer et la n\u00e9cessit\u00e9 de renforcer davantage divers projets de recherche sur le site du patrimoine mondial d&rsquo;Aldabra ont \u00e9t\u00e9 identifi\u00e9es comme des domaines concrets de collaboration entre les deux pays\u00a0\u00bb, indique le communiqu\u00e9 de la State House.<\/p>\n\n\n\n<p class=\"has-small-font-size\">Le Pr\u00e9sident des Seychelles Monsieur Danny Faure photographi\u00e9 avec le Prince Albert II de Monaco.<\/p>\n","protected":false},"excerpt":{"rendered":"<p>(Seychelles News Agency) &#8211; Le pr\u00e9sident des Seychelles, Monsieur Danny Faure, a anim\u00e9 des discussions visant \u00e0 aborder des questions d&rsquo;int\u00e9r\u00eat commun, ainsi qu&rsquo;\u00e0 renforcer la coop\u00e9ration avec des responsables de Monaco, du Maroc et de Saint-Vincent-et-les Grenadines, a annonc\u00e9 vendredi la pr\u00e9sidence. Le pr\u00e9sident Faure a eu des entretiens bilat\u00e9raux avec des responsables des&#8230;<\/p>\n","protected":false},"author":1,"featured_media":966,"comment_status":"open","ping_status":"open","sticky":false,"template":"","format":"standard","meta":{"_EventAllDay":false,"_EventTimezone":"","_EventStartDate":"","_EventEndDate":"","_EventStartDateUTC":"","_EventEndDateUTC":"","_EventShowMap":false,"_EventShowMapLink":false,"_EventURL":"","_EventCost":"","_EventCostDescription":"","_EventCurrencySymbol":"","_EventCurrencyCode":"","_EventCurrencyPosition":"","_EventDateTimeSeparator":"","_EventTimeRangeSeparator":"","_EventOrganizerID":[],"_EventVenueID":[],"_OrganizerEmail":"","_OrganizerPhone":"","_OrganizerWebsite":"","_VenueAddress":"","_VenueCity":"","_VenueCountry":"","_VenueProvince":"","_VenueState":"","_VenueZip":"","_VenuePhone":"","_VenueURL":"","_VenueStateProvince":"","_VenueLat":"","_VenueLng":"","_VenueShowMap":false,"_VenueShowMapLink":false,"_kadence_starter_templates_imported_post":false,"_kad_post_transparent":"","_kad_post_title":"","_kad_post_layout":"","_kad_post_sidebar_id":"","_kad_post_content_style":"","_kad_post_vertical_padding":"","_kad_post_feature":"","_kad_post_feature_position":"","_kad_post_header":false,"_kad_post_footer":false,"footnotes":""},"categories":[97],"tags":[],"class_list":["post-421","post","type-post","status-publish","format-standard","has-post-thumbnail","hentry","category-articles"],"_links":{"self":[{"href":"https:\/\/consulat-seychelles.mc\/index.php?rest_route=\/wp\/v2\/posts\/421"}],"collection":[{"href":"https:\/\/consulat-seychelles.mc\/index.php?rest_route=\/wp\/v2\/posts"}],"about":[{"href":"https:\/\/consulat-seychelles.mc\/index.php?rest_route=\/wp\/v2\/types\/post"}],"author":[{"embeddable":true,"href":"https:\/\/consulat-seychelles.mc\/index.php?rest_route=\/wp\/v2\/users\/1"}],"replies":[{"embeddable":true,"href":"https:\/\/consulat-seychelles.mc\/index.php?rest_route=%2Fwp%2Fv2%2Fcomments&post=421"}],"version-history":[{"count":9,"href":"https:\/\/consulat-seychelles.mc\/index.php?rest_route=\/wp\/v2\/posts\/421\/revisions"}],"predecessor-version":[{"id":3094,"href":"https:\/\/consulat-seychelles.mc\/index.php?rest_route=\/wp\/v2\/posts\/421\/revisions\/3094"}],"wp:featuredmedia":[{"embeddable":true,"href":"https:\/\/consulat-seychelles.mc\/index.php?rest_route=\/wp\/v2\/media\/966"}],"wp:attachment":[{"href":"https:\/\/consulat-seychelles.mc\/index.php?rest_route=%2Fwp%2Fv2%2Fmedia&parent=421"}],"wp:term":[{"taxonomy":"category","embeddable":true,"href":"https:\/\/consulat-seychelles.mc\/index.php?rest_route=%2Fwp%2Fv2%2Fcategories&post=421"},{"taxonomy":"post_tag","embeddable":true,"href":"https:\/\/consulat-seychelles.mc\/index.php?rest_route=%2Fwp%2Fv2%2Ftags&post=421"}],"curies":[{"name":"wp","href":"https:\/\/api.w.org\/{rel}","templated":true}]}}