{"id":415,"date":"2017-08-17T15:28:41","date_gmt":"2017-08-17T13:28:41","guid":{"rendered":"http:\/\/avada.theme-fusion.com_demos\/travel\/?p=415"},"modified":"2024-03-08T10:44:31","modified_gmt":"2024-03-08T09:44:31","slug":"rencontre-a-mahe","status":"publish","type":"post","link":"https:\/\/consulat-seychelles.mc\/?p=415","title":{"rendered":"Le Consul Honoraire des Seychelles \u00e0 Monaco rencontre aux Seychelles la Ministre de la Jeunesse, des Sports et de la Culture"},"content":{"rendered":"\n<p class=\"has-small-font-size\">Le jeudi 10 ao\u00fbt 2017, sur l\u2019initiative du <a href=\"http:\/\/www.achm.mc\/membres-1\/?mem=4063\">Consul Honoraire des Seychelles \u00e0 Monaco<\/a>, <a href=\"http:\/\/www.achm.mc\/membres-1\/?mem=4063\">M. Jean-Fran\u00e7ois Noaro<\/a>, une rencontre a eu lieu aux Seychelles pour la pr\u00e9sentation d\u2019un projet de festival gourmand, culturel et touristique \u00e0 la saveur cr\u00e9ole en 2018 \u00e0 Monaco.<\/p>\n\n\n\n<p class=\"has-small-font-size\">Cette r\u00e9union s\u2019est d\u00e9roul\u00e9e en pr\u00e9sence de la Ministre de la Jeunesse, des Sports et de la Culture, S.E. Mme Mitcy Larue et son \u00e9quipe, du&nbsp;Ministre du Tourisme, de l\u2019Aviation Civile, Ports et Marine, S.E. M. Loustau-Lalanne et ses collaborateurs, de Mme Murla Gabriel, Coordinatrice des Relations Ext\u00e9rieures l\u2019Acad\u00e9mie du Tourisme des Seychelles STA, de Mlle Begitta, Directeur G\u00e9n\u00e9ral de la Coop\u00e9ration Internationale, de M. Galen Bresson, Chef de la Direction, des Industries Cr\u00e9atives et Office National des \u00e9v\u00e9nements (CINEA) et de M. Jimmy Savy, chef de la Direction, Conseil National des Arts (CNA).<\/p>\n\n\n\n<p class=\"has-small-font-size\">Les parties ont \u00e9chang\u00e9 sur les partenariats, les \u00e9changes scolaires entre Lyc\u00e9es Techniques du Tourisme des Seychelles et de Monaco, et enfin la programmation d\u2019artistes et de groupes locaux. Les Ministres et officiels ont remerci\u00e9 <a href=\"http:\/\/www.achm.mc\/membres-1\/?mem=4063\">M. Jean-Fran\u00e7ois Noaro<\/a> pour ses efforts en mati\u00e8re de valorisation et de promotion des Seychelles. Un \u00e9v\u00e8nement attendu en Principaut\u00e9 qui r\u00e9pond de toute \u00e9vidence aux directives du plan strat\u00e9gique du Minist\u00e8re du Tourisme des Seychelles et contribuera au rayonnement du tourisme de l\u2019archipel.<\/p>\n\n\n\n<p class=\"has-small-font-size\">Photo (de gauche \u00e0 droite) : Mme Murla Gabriel, Coordinatrice des Relations, M. Flavien Joubert, Proviseur de l\u2019Acad\u00e9mie du Tourisme des Seychelles STA, Mlle Begitta, Directeur g\u00e9n\u00e9ral des Affaires Politiques de et de la Coop\u00e9ration Internationale, M. Jimmy Savy, Chef de la Direction, Conseil National des Arts (CNA), Mme Sherine Francis, CEO Seychelles Tourism Board, M. Peter Moncherry, Directeur G\u00e9n\u00e9ral \u00e0 l\u2019Acad\u00e9mie du Tourisme, Mme Anne Lafortune, Secr\u00e9taire Principale du D\u00e9partement du Tourisme, M. F.Jimmy Savy, CEO Conseil National des Arts, S.E. Mme Mitcy Larue, Ministre de la Jeunesse, des Sports et de la Culture, M. Galen Bresson, chef de la direction, les Industries cr\u00e9atives et Office National des \u00e9v\u00e9nements (CINEA), M. Jean-Fran\u00e7ois Noaro, Consul Honoraire des Seychelles \u00e0 Monaco, S.E M. Loustau-Lalanne, Ministre du Tourisme, de l\u2019Aviation civile, Ports et Marine.<br>\u00a9 Protocol, Treaties and Consular Affairs Department of Foreign Affairs _ Seychelles<\/p>\n","protected":false},"excerpt":{"rendered":"<p>Le jeudi 10 ao\u00fbt 2017, sur l\u2019initiative du Consul Honoraire des Seychelles \u00e0 Monaco, M. Jean-Fran\u00e7ois Noaro, une rencontre a eu lieu aux Seychelles pour la pr\u00e9sentation d\u2019un projet de festival gourmand, culturel et touristique \u00e0 la saveur cr\u00e9ole en 2018 \u00e0 Monaco. Cette r\u00e9union s\u2019est d\u00e9roul\u00e9e en pr\u00e9sence de la Ministre de la Jeunesse,&#8230;<\/p>\n","protected":false},"author":1,"featured_media":956,"comment_status":"open","ping_status":"open","sticky":false,"template":"","format":"standard","meta":{"_EventAllDay":false,"_EventTimezone":"","_EventStartDate":"","_EventEndDate":"","_EventStartDateUTC":"","_EventEndDateUTC":"","_EventShowMap":false,"_EventShowMapLink":false,"_EventURL":"","_EventCost":"","_EventCostDescription":"","_EventCurrencySymbol":"","_EventCurrencyCode":"","_EventCurrencyPosition":"","_EventDateTimeSeparator":"","_EventTimeRangeSeparator":"","_EventOrganizerID":[],"_EventVenueID":[],"_OrganizerEmail":"","_OrganizerPhone":"","_OrganizerWebsite":"","_VenueAddress":"","_VenueCity":"","_VenueCountry":"","_VenueProvince":"","_VenueState":"","_VenueZip":"","_VenuePhone":"","_VenueURL":"","_VenueStateProvince":"","_VenueLat":"","_VenueLng":"","_VenueShowMap":false,"_VenueShowMapLink":false,"_kadence_starter_templates_imported_post":false,"_kad_post_transparent":"","_kad_post_title":"","_kad_post_layout":"","_kad_post_sidebar_id":"","_kad_post_content_style":"","_kad_post_vertical_padding":"","_kad_post_feature":"","_kad_post_feature_position":"","_kad_post_header":false,"_kad_post_footer":false,"footnotes":""},"categories":[97],"tags":[11,35],"class_list":["post-415","post","type-post","status-publish","format-standard","has-post-thumbnail","hentry","category-articles","tag-general","tag-rencontre-aux-seychelles"],"_links":{"self":[{"href":"https:\/\/consulat-seychelles.mc\/index.php?rest_route=\/wp\/v2\/posts\/415"}],"collection":[{"href":"https:\/\/consulat-seychelles.mc\/index.php?rest_route=\/wp\/v2\/posts"}],"about":[{"href":"https:\/\/consulat-seychelles.mc\/index.php?rest_route=\/wp\/v2\/types\/post"}],"author":[{"embeddable":true,"href":"https:\/\/consulat-seychelles.mc\/index.php?rest_route=\/wp\/v2\/users\/1"}],"replies":[{"embeddable":true,"href":"https:\/\/consulat-seychelles.mc\/index.php?rest_route=%2Fwp%2Fv2%2Fcomments&post=415"}],"version-history":[{"count":7,"href":"https:\/\/consulat-seychelles.mc\/index.php?rest_route=\/wp\/v2\/posts\/415\/revisions"}],"predecessor-version":[{"id":3086,"href":"https:\/\/consulat-seychelles.mc\/index.php?rest_route=\/wp\/v2\/posts\/415\/revisions\/3086"}],"wp:featuredmedia":[{"embeddable":true,"href":"https:\/\/consulat-seychelles.mc\/index.php?rest_route=\/wp\/v2\/media\/956"}],"wp:attachment":[{"href":"https:\/\/consulat-seychelles.mc\/index.php?rest_route=%2Fwp%2Fv2%2Fmedia&parent=415"}],"wp:term":[{"taxonomy":"category","embeddable":true,"href":"https:\/\/consulat-seychelles.mc\/index.php?rest_route=%2Fwp%2Fv2%2Fcategories&post=415"},{"taxonomy":"post_tag","embeddable":true,"href":"https:\/\/consulat-seychelles.mc\/index.php?rest_route=%2Fwp%2Fv2%2Ftags&post=415"}],"curies":[{"name":"wp","href":"https:\/\/api.w.org\/{rel}","templated":true}]}}